{"id":16404,"date":"2022-09-14T19:01:03","date_gmt":"2022-09-14T17:01:03","guid":{"rendered":"https:\/\/www.profoffice.it\/profbox-cabinets-new-finishes\/"},"modified":"2025-02-18T15:26:09","modified_gmt":"2025-02-18T14:26:09","slug":"profbox-cabinets-new-finishes","status":"publish","type":"post","link":"https:\/\/www.profoffice.it\/en\/profbox-cabinets-new-finishes\/","title":{"rendered":"Profbox cabinets | new finishes"},"content":{"rendered":"<p>L&#8217;\u00e9l\u00e9gance d&#8217;un meuble en verre. La porte \u00e0 battants Rail, avec un cadre \u00e0 poign\u00e9e int\u00e9gr\u00e9e en aluminium finition laiton bross\u00e9 et verre bronze transparent, transforme le conteneur Profbox en un pr\u00e9sentoir fascinant, gr\u00e2ce \u00e9galement aux \u00e9tag\u00e8res en verre et au syst\u00e8me d&#8217;\u00e9clairage int\u00e9rieur.<\/p>\n","protected":false},"excerpt":{"rendered":"<p>L&#8217;\u00e9l\u00e9gance d&#8217;un meuble en verre. La porte \u00e0 battants Rail, avec un cadre \u00e0 poign\u00e9e int\u00e9gr\u00e9e en aluminium finition laiton bross\u00e9 et verre bronze transparent, transforme le conteneur Profbox en un pr\u00e9sentoir fascinant, gr\u00e2ce \u00e9galement aux \u00e9tag\u00e8res en verre et au syst\u00e8me d&#8217;\u00e9clairage int\u00e9rieur.<\/p>\n","protected":false},"author":2,"featured_media":16401,"comment_status":"closed","ping_status":"closed","sticky":false,"template":"","format":"standard","meta":{"_acf_changed":false,"footnotes":""},"categories":[546],"tags":[],"class_list":["post-16404","post","type-post","status-publish","format-standard","has-post-thumbnail","hentry","category-products"],"acf":[],"yoast_head":"<!-- This site is optimized with the Yoast SEO plugin v26.8 - https:\/\/yoast.com\/product\/yoast-seo-wordpress\/ -->\n<title>Profbox cabinets | new finishes - Prof Office<\/title>\n<meta name=\"description\" content=\"L&#039;\u00e9l\u00e9gance d&#039;un meuble en verre. La porte \u00e0 battants Rail, avec un cadre \u00e0 poign\u00e9e int\u00e9gr\u00e9e en aluminium finition laiton bross\u00e9 et verre bronze\" \/>\n<meta name=\"robots\" content=\"index, follow, max-snippet:-1, max-image-preview:large, max-video-preview:-1\" \/>\n<link rel=\"canonical\" href=\"https:\/\/www.profoffice.it\/en\/profbox-cabinets-new-finishes\/\" \/>\n<meta property=\"og:locale\" content=\"en_US\" \/>\n<meta property=\"og:type\" content=\"article\" \/>\n<meta property=\"og:title\" content=\"Profbox cabinets | new finishes - Prof Office\" \/>\n<meta property=\"og:description\" content=\"L&#039;\u00e9l\u00e9gance d&#039;un meuble en verre. La porte \u00e0 battants Rail, avec un cadre \u00e0 poign\u00e9e int\u00e9gr\u00e9e en aluminium finition laiton bross\u00e9 et verre bronze\" \/>\n<meta property=\"og:url\" content=\"https:\/\/www.profoffice.it\/en\/profbox-cabinets-new-finishes\/\" \/>\n<meta property=\"og:site_name\" content=\"Prof Office\" \/>\n<meta property=\"article:publisher\" content=\"https:\/\/www.facebook.com\/Profoffice\/\" \/>\n<meta property=\"article:published_time\" content=\"2022-09-14T17:01:03+00:00\" \/>\n<meta property=\"article:modified_time\" content=\"2025-02-18T14:26:09+00:00\" \/>\n<meta property=\"og:image\" content=\"https:\/\/www.profoffice.it\/wp-content\/uploads\/2022\/09\/061_Anta_Vetro_Rail_Ottone_Noce_Dark-2.jpg\" \/>\n\t<meta property=\"og:image:width\" content=\"1920\" \/>\n\t<meta property=\"og:image:height\" content=\"1368\" \/>\n\t<meta property=\"og:image:type\" content=\"image\/jpeg\" \/>\n<meta name=\"author\" content=\"prof\" \/>\n<meta name=\"twitter:card\" content=\"summary_large_image\" \/>\n<meta name=\"twitter:label1\" content=\"Written by\" \/>\n\t<meta name=\"twitter:data1\" content=\"prof\" \/>\n<script type=\"application\/ld+json\" class=\"yoast-schema-graph\">{\"@context\":\"https:\/\/schema.org\",\"@graph\":[{\"@type\":\"Article\",\"@id\":\"https:\/\/www.profoffice.it\/en\/profbox-cabinets-new-finishes\/#article\",\"isPartOf\":{\"@id\":\"https:\/\/www.profoffice.it\/en\/profbox-cabinets-new-finishes\/\"},\"author\":{\"name\":\"prof\",\"@id\":\"https:\/\/www.profoffice.it\/en\/#\/schema\/person\/e9837d5b64b19d5f70c0a08821624c23\"},\"headline\":\"Profbox cabinets | new finishes\",\"datePublished\":\"2022-09-14T17:01:03+00:00\",\"dateModified\":\"2025-02-18T14:26:09+00:00\",\"mainEntityOfPage\":{\"@id\":\"https:\/\/www.profoffice.it\/en\/profbox-cabinets-new-finishes\/\"},\"wordCount\":57,\"publisher\":{\"@id\":\"https:\/\/www.profoffice.it\/en\/#organization\"},\"image\":{\"@id\":\"https:\/\/www.profoffice.it\/en\/profbox-cabinets-new-finishes\/#primaryimage\"},\"thumbnailUrl\":\"https:\/\/www.profoffice.it\/wp-content\/uploads\/2022\/09\/061_Anta_Vetro_Rail_Ottone_Noce_Dark-2.jpg\",\"articleSection\":[\"Products\"],\"inLanguage\":\"en-US\"},{\"@type\":\"WebPage\",\"@id\":\"https:\/\/www.profoffice.it\/en\/profbox-cabinets-new-finishes\/\",\"url\":\"https:\/\/www.profoffice.it\/en\/profbox-cabinets-new-finishes\/\",\"name\":\"Profbox cabinets | new finishes - Prof Office\",\"isPartOf\":{\"@id\":\"https:\/\/www.profoffice.it\/en\/#website\"},\"primaryImageOfPage\":{\"@id\":\"https:\/\/www.profoffice.it\/en\/profbox-cabinets-new-finishes\/#primaryimage\"},\"image\":{\"@id\":\"https:\/\/www.profoffice.it\/en\/profbox-cabinets-new-finishes\/#primaryimage\"},\"thumbnailUrl\":\"https:\/\/www.profoffice.it\/wp-content\/uploads\/2022\/09\/061_Anta_Vetro_Rail_Ottone_Noce_Dark-2.jpg\",\"datePublished\":\"2022-09-14T17:01:03+00:00\",\"dateModified\":\"2025-02-18T14:26:09+00:00\",\"description\":\"L'\u00e9l\u00e9gance d'un meuble en verre. La porte \u00e0 battants Rail, avec un cadre \u00e0 poign\u00e9e int\u00e9gr\u00e9e en aluminium finition laiton bross\u00e9 et verre bronze\",\"breadcrumb\":{\"@id\":\"https:\/\/www.profoffice.it\/en\/profbox-cabinets-new-finishes\/#breadcrumb\"},\"inLanguage\":\"en-US\",\"potentialAction\":[{\"@type\":\"ReadAction\",\"target\":[\"https:\/\/www.profoffice.it\/en\/profbox-cabinets-new-finishes\/\"]}]},{\"@type\":\"ImageObject\",\"inLanguage\":\"en-US\",\"@id\":\"https:\/\/www.profoffice.it\/en\/profbox-cabinets-new-finishes\/#primaryimage\",\"url\":\"https:\/\/www.profoffice.it\/wp-content\/uploads\/2022\/09\/061_Anta_Vetro_Rail_Ottone_Noce_Dark-2.jpg\",\"contentUrl\":\"https:\/\/www.profoffice.it\/wp-content\/uploads\/2022\/09\/061_Anta_Vetro_Rail_Ottone_Noce_Dark-2.jpg\",\"width\":1920,\"height\":1368},{\"@type\":\"BreadcrumbList\",\"@id\":\"https:\/\/www.profoffice.it\/en\/profbox-cabinets-new-finishes\/#breadcrumb\",\"itemListElement\":[{\"@type\":\"ListItem\",\"position\":1,\"name\":\"Home\",\"item\":\"https:\/\/www.profoffice.it\/en\/\"},{\"@type\":\"ListItem\",\"position\":2,\"name\":\"Profbox cabinets | new finishes\"}]},{\"@type\":\"WebSite\",\"@id\":\"https:\/\/www.profoffice.it\/en\/#website\",\"url\":\"https:\/\/www.profoffice.it\/en\/\",\"name\":\"Prof Office\",\"description\":\"Arredi di design per ufficio. Creiamo soluzioni eleganti e funzionali per rendere unico ogni spazio di lavoro, dagli ambienti direzionali fino a quelli operativi. Progetti di arredo che impiegano prodotti di serie, prodotti personalizzati, fino a veri e propri prodotti bespoke, su richiesta e su misura.\",\"publisher\":{\"@id\":\"https:\/\/www.profoffice.it\/en\/#organization\"},\"potentialAction\":[{\"@type\":\"SearchAction\",\"target\":{\"@type\":\"EntryPoint\",\"urlTemplate\":\"https:\/\/www.profoffice.it\/en\/?s={search_term_string}\"},\"query-input\":{\"@type\":\"PropertyValueSpecification\",\"valueRequired\":true,\"valueName\":\"search_term_string\"}}],\"inLanguage\":\"en-US\"},{\"@type\":\"Organization\",\"@id\":\"https:\/\/www.profoffice.it\/en\/#organization\",\"name\":\"Prof Office\",\"url\":\"https:\/\/www.profoffice.it\/en\/\",\"logo\":{\"@type\":\"ImageObject\",\"inLanguage\":\"en-US\",\"@id\":\"https:\/\/www.profoffice.it\/en\/#\/schema\/logo\/image\/\",\"url\":\"https:\/\/www.profoffice.it\/wp-content\/uploads\/2025\/05\/logo-PROF-1.png\",\"contentUrl\":\"https:\/\/www.profoffice.it\/wp-content\/uploads\/2025\/05\/logo-PROF-1.png\",\"width\":696,\"height\":696,\"caption\":\"Prof Office\"},\"image\":{\"@id\":\"https:\/\/www.profoffice.it\/en\/#\/schema\/logo\/image\/\"},\"sameAs\":[\"https:\/\/www.facebook.com\/Profoffice\/\",\"https:\/\/it.pinterest.com\/Profoffice\/\"]},{\"@type\":\"Person\",\"@id\":\"https:\/\/www.profoffice.it\/en\/#\/schema\/person\/e9837d5b64b19d5f70c0a08821624c23\",\"name\":\"prof\"}]}<\/script>\n<!-- \/ Yoast SEO plugin. -->","yoast_head_json":{"title":"Profbox cabinets | new finishes - Prof Office","description":"L'\u00e9l\u00e9gance d'un meuble en verre. La porte \u00e0 battants Rail, avec un cadre \u00e0 poign\u00e9e int\u00e9gr\u00e9e en aluminium finition laiton bross\u00e9 et verre bronze","robots":{"index":"index","follow":"follow","max-snippet":"max-snippet:-1","max-image-preview":"max-image-preview:large","max-video-preview":"max-video-preview:-1"},"canonical":"https:\/\/www.profoffice.it\/en\/profbox-cabinets-new-finishes\/","og_locale":"en_US","og_type":"article","og_title":"Profbox cabinets | new finishes - Prof Office","og_description":"L'\u00e9l\u00e9gance d'un meuble en verre. La porte \u00e0 battants Rail, avec un cadre \u00e0 poign\u00e9e int\u00e9gr\u00e9e en aluminium finition laiton bross\u00e9 et verre bronze","og_url":"https:\/\/www.profoffice.it\/en\/profbox-cabinets-new-finishes\/","og_site_name":"Prof Office","article_publisher":"https:\/\/www.facebook.com\/Profoffice\/","article_published_time":"2022-09-14T17:01:03+00:00","article_modified_time":"2025-02-18T14:26:09+00:00","og_image":[{"width":1920,"height":1368,"url":"https:\/\/www.profoffice.it\/wp-content\/uploads\/2022\/09\/061_Anta_Vetro_Rail_Ottone_Noce_Dark-2.jpg","type":"image\/jpeg"}],"author":"prof","twitter_card":"summary_large_image","twitter_misc":{"Written by":"prof"},"schema":{"@context":"https:\/\/schema.org","@graph":[{"@type":"Article","@id":"https:\/\/www.profoffice.it\/en\/profbox-cabinets-new-finishes\/#article","isPartOf":{"@id":"https:\/\/www.profoffice.it\/en\/profbox-cabinets-new-finishes\/"},"author":{"name":"prof","@id":"https:\/\/www.profoffice.it\/en\/#\/schema\/person\/e9837d5b64b19d5f70c0a08821624c23"},"headline":"Profbox cabinets | new finishes","datePublished":"2022-09-14T17:01:03+00:00","dateModified":"2025-02-18T14:26:09+00:00","mainEntityOfPage":{"@id":"https:\/\/www.profoffice.it\/en\/profbox-cabinets-new-finishes\/"},"wordCount":57,"publisher":{"@id":"https:\/\/www.profoffice.it\/en\/#organization"},"image":{"@id":"https:\/\/www.profoffice.it\/en\/profbox-cabinets-new-finishes\/#primaryimage"},"thumbnailUrl":"https:\/\/www.profoffice.it\/wp-content\/uploads\/2022\/09\/061_Anta_Vetro_Rail_Ottone_Noce_Dark-2.jpg","articleSection":["Products"],"inLanguage":"en-US"},{"@type":"WebPage","@id":"https:\/\/www.profoffice.it\/en\/profbox-cabinets-new-finishes\/","url":"https:\/\/www.profoffice.it\/en\/profbox-cabinets-new-finishes\/","name":"Profbox cabinets | new finishes - Prof Office","isPartOf":{"@id":"https:\/\/www.profoffice.it\/en\/#website"},"primaryImageOfPage":{"@id":"https:\/\/www.profoffice.it\/en\/profbox-cabinets-new-finishes\/#primaryimage"},"image":{"@id":"https:\/\/www.profoffice.it\/en\/profbox-cabinets-new-finishes\/#primaryimage"},"thumbnailUrl":"https:\/\/www.profoffice.it\/wp-content\/uploads\/2022\/09\/061_Anta_Vetro_Rail_Ottone_Noce_Dark-2.jpg","datePublished":"2022-09-14T17:01:03+00:00","dateModified":"2025-02-18T14:26:09+00:00","description":"L'\u00e9l\u00e9gance d'un meuble en verre. La porte \u00e0 battants Rail, avec un cadre \u00e0 poign\u00e9e int\u00e9gr\u00e9e en aluminium finition laiton bross\u00e9 et verre bronze","breadcrumb":{"@id":"https:\/\/www.profoffice.it\/en\/profbox-cabinets-new-finishes\/#breadcrumb"},"inLanguage":"en-US","potentialAction":[{"@type":"ReadAction","target":["https:\/\/www.profoffice.it\/en\/profbox-cabinets-new-finishes\/"]}]},{"@type":"ImageObject","inLanguage":"en-US","@id":"https:\/\/www.profoffice.it\/en\/profbox-cabinets-new-finishes\/#primaryimage","url":"https:\/\/www.profoffice.it\/wp-content\/uploads\/2022\/09\/061_Anta_Vetro_Rail_Ottone_Noce_Dark-2.jpg","contentUrl":"https:\/\/www.profoffice.it\/wp-content\/uploads\/2022\/09\/061_Anta_Vetro_Rail_Ottone_Noce_Dark-2.jpg","width":1920,"height":1368},{"@type":"BreadcrumbList","@id":"https:\/\/www.profoffice.it\/en\/profbox-cabinets-new-finishes\/#breadcrumb","itemListElement":[{"@type":"ListItem","position":1,"name":"Home","item":"https:\/\/www.profoffice.it\/en\/"},{"@type":"ListItem","position":2,"name":"Profbox cabinets | new finishes"}]},{"@type":"WebSite","@id":"https:\/\/www.profoffice.it\/en\/#website","url":"https:\/\/www.profoffice.it\/en\/","name":"Prof Office","description":"Arredi di design per ufficio. Creiamo soluzioni eleganti e funzionali per rendere unico ogni spazio di lavoro, dagli ambienti direzionali fino a quelli operativi. Progetti di arredo che impiegano prodotti di serie, prodotti personalizzati, fino a veri e propri prodotti bespoke, su richiesta e su misura.","publisher":{"@id":"https:\/\/www.profoffice.it\/en\/#organization"},"potentialAction":[{"@type":"SearchAction","target":{"@type":"EntryPoint","urlTemplate":"https:\/\/www.profoffice.it\/en\/?s={search_term_string}"},"query-input":{"@type":"PropertyValueSpecification","valueRequired":true,"valueName":"search_term_string"}}],"inLanguage":"en-US"},{"@type":"Organization","@id":"https:\/\/www.profoffice.it\/en\/#organization","name":"Prof Office","url":"https:\/\/www.profoffice.it\/en\/","logo":{"@type":"ImageObject","inLanguage":"en-US","@id":"https:\/\/www.profoffice.it\/en\/#\/schema\/logo\/image\/","url":"https:\/\/www.profoffice.it\/wp-content\/uploads\/2025\/05\/logo-PROF-1.png","contentUrl":"https:\/\/www.profoffice.it\/wp-content\/uploads\/2025\/05\/logo-PROF-1.png","width":696,"height":696,"caption":"Prof Office"},"image":{"@id":"https:\/\/www.profoffice.it\/en\/#\/schema\/logo\/image\/"},"sameAs":["https:\/\/www.facebook.com\/Profoffice\/","https:\/\/it.pinterest.com\/Profoffice\/"]},{"@type":"Person","@id":"https:\/\/www.profoffice.it\/en\/#\/schema\/person\/e9837d5b64b19d5f70c0a08821624c23","name":"prof"}]}},"_links":{"self":[{"href":"https:\/\/www.profoffice.it\/en\/wp-json\/wp\/v2\/posts\/16404","targetHints":{"allow":["GET"]}}],"collection":[{"href":"https:\/\/www.profoffice.it\/en\/wp-json\/wp\/v2\/posts"}],"about":[{"href":"https:\/\/www.profoffice.it\/en\/wp-json\/wp\/v2\/types\/post"}],"author":[{"embeddable":true,"href":"https:\/\/www.profoffice.it\/en\/wp-json\/wp\/v2\/users\/2"}],"replies":[{"embeddable":true,"href":"https:\/\/www.profoffice.it\/en\/wp-json\/wp\/v2\/comments?post=16404"}],"version-history":[{"count":2,"href":"https:\/\/www.profoffice.it\/en\/wp-json\/wp\/v2\/posts\/16404\/revisions"}],"predecessor-version":[{"id":16408,"href":"https:\/\/www.profoffice.it\/en\/wp-json\/wp\/v2\/posts\/16404\/revisions\/16408"}],"wp:featuredmedia":[{"embeddable":true,"href":"https:\/\/www.profoffice.it\/en\/wp-json\/wp\/v2\/media\/16401"}],"wp:attachment":[{"href":"https:\/\/www.profoffice.it\/en\/wp-json\/wp\/v2\/media?parent=16404"}],"wp:term":[{"taxonomy":"category","embeddable":true,"href":"https:\/\/www.profoffice.it\/en\/wp-json\/wp\/v2\/categories?post=16404"},{"taxonomy":"post_tag","embeddable":true,"href":"https:\/\/www.profoffice.it\/en\/wp-json\/wp\/v2\/tags?post=16404"}],"curies":[{"name":"wp","href":"https:\/\/api.w.org\/{rel}","templated":true}]}}